{"id":11660,"date":"2026-04-10T19:00:00","date_gmt":"2026-04-10T16:00:00","guid":{"rendered":"https:\/\/tartunoortekoor.ee\/?p=11660"},"modified":"2026-04-21T11:42:47","modified_gmt":"2026-04-21T08:42:47","slug":"noorte-kate-jargi","status":"publish","type":"post","link":"https:\/\/tartunoortekoor.ee\/en\/esinemised\/noorte-kate-jargi\/","title":{"rendered":"Kevadkontsert &#8220;Noorte k\u00e4te j\u00e4rgi&#8221; koos Miina H\u00e4rma G\u00fcmnaasiumi neidudekooriga"},"content":{"rendered":"<div class=\"wp-block-group has-global-padding is-layout-constrained wp-container-core-group-is-layout-0b40682b wp-block-group-is-layout-constrained\">\n<div class=\"wp-block-columns is-layout-flex wp-container-core-columns-is-layout-2873d9f5 wp-block-columns-is-layout-flex\" style=\"padding-top:var(--wp--preset--spacing--20);padding-right:var(--wp--preset--spacing--20);padding-bottom:var(--wp--preset--spacing--20);padding-left:var(--wp--preset--spacing--20)\">\n<div class=\"wp-block-column is-layout-flow wp-container-core-column-is-layout-92d440f1 wp-block-column-is-layout-flow\" style=\"padding-top:0;padding-bottom:0;flex-basis:100%\">\n<h1 class=\"wp-block-heading has-text-align-center is-style-text-display has-text-color has-link-color has-roboto-slab-font-family wp-elements-6ece677ebe3168b704726bf4a53d2a01 is-style-text-display--1\" id=\"noorte-kate-jargi\" style=\"color:#0c1559;padding-top:var(--wp--preset--spacing--20);padding-bottom:var(--wp--preset--spacing--30);font-size:clamp(3.234rem, 3.234rem + ((1vw - 0.2rem) * 5.123), 6.5rem);font-style:normal;font-weight:900;line-height:0.8\">Noorte k\u00e4te j\u00e4rgi<\/h1>\n\n\n\n<blockquote class=\"wp-block-quote is-style-plain is-layout-flow wp-block-quote-is-layout-flow is-style-plain--2\">\n<p class=\"has-text-align-center is-style-default\" style=\"margin-top:0;margin-bottom:0;padding-top:0;padding-bottom:0\"><em>Tartu Noortekoori kevadkontsert koos Miina H\u00e4rma G\u00fcmnaasiumi neidudekooriga<\/em><\/p>\n<\/blockquote>\n\n\n\n<p class=\"has-text-align-center\" style=\"padding-top:var(--wp--preset--spacing--20);padding-bottom:var(--wp--preset--spacing--20)\"><em><strong>10. aprill 2026 kell 19:00 Miina H\u00e4rma G\u00fcmnaasiumis<\/strong><\/em><\/p>\n\n\n\n<div class=\"wp-block-group is-layout-flow wp-container-core-group-is-layout-501c5954 wp-block-group-is-layout-flow\" style=\"padding-right:var(--wp--preset--spacing--20);padding-left:var(--wp--preset--spacing--20)\">\n<p class=\"has-text-align-left\" style=\"padding-top:var(--wp--preset--spacing--40)\">Seljatatud pika s\u00fcgistalve jooksul oleme t\u00f6\u00f6tanud v\u00e4ga erilise eesm\u00e4rgi nimel &#8211; esimest korda on t\u00e4rganud v\u00f5imalus Tartu Noortekoori juhatada meie enda lauljatel!<\/p>\n\n\n\n<p class=\"has-text-align-left\">Et sellele tunnistajaks olla, kutsume teid 10. aprillil kell 19.00 Miina H\u00e4rma G\u00fcmnaasiumi aulasse Tartu Noortekoori kevadkontserdile &#8220;Noorte k\u00e4te j\u00e4rgi&#8221;.<\/p>\n\n\n\n<p class=\"has-text-align-left\">Kavas: H\u00e4rma, Siimer, Uusberg, Palestrina ja teised. Esmaettekandele tulevad Ivar Sipra ja R\u00dc\u00dcTi teoste kooriseaded.<\/p>\n\n\n\n<p class=\"has-text-align-left\">Repertuaari valisid peadirigent Markus Leppoja toel lauljad ise ning iga teos on moel v\u00f5i teisel noortele s\u00fcdamel\u00e4hedane. Muuhulgas k\u00f5lavad esmaettekandes kaks uut kooriseadet ning kuulata saab uuemaid ja vanemaid laulupeo laule.<\/p>\n<\/div>\n<\/div>\n<\/div>\n\n\n\n<div class=\"wp-block-group has-medium-font-size is-layout-grid wp-container-core-group-is-layout-551a06b5 wp-block-group-is-layout-grid\" style=\"margin-top:var(--wp--preset--spacing--60);margin-bottom:var(--wp--preset--spacing--60);padding-top:var(--wp--preset--spacing--20);padding-right:var(--wp--preset--spacing--20);padding-bottom:var(--wp--preset--spacing--20);padding-left:var(--wp--preset--spacing--20)\">\n<div class=\"wp-block-group has-contrast-color has-accent-5-background-color has-text-color has-background has-link-color wp-elements-91974f7dcd0a34359ebe20160c5fcac8 wp-container-content-330c3bc2 has-global-padding is-layout-constrained wp-block-group-is-layout-constrained\">\n<p class=\"has-text-align-center\"><strong>Noored dirigendid<\/strong><\/p>\n\n\n\n<p class=\"has-text-align-center\">Andres Reintam, Erki K\u00fclaots, K\u00e4rt Kingo, Maria Kuuseok &amp; Marko Roosiv\u00e4li<\/p>\n<\/div>\n\n\n\n<div class=\"wp-block-group has-contrast-color has-accent-5-background-color has-text-color has-background has-link-color wp-elements-cbc244e27bce9531490995bf62a15e9e has-global-padding is-layout-constrained wp-block-group-is-layout-constrained\">\n<p class=\"has-text-align-center\"><strong>Muusikaline juht &amp; dirigent<\/strong><\/p>\n\n\n\n<p class=\"has-text-align-center\">Markus Leppoja<\/p>\n<\/div>\n\n\n\n<div class=\"wp-block-group has-contrast-color has-accent-5-background-color has-text-color has-background has-link-color wp-elements-2926de00e9fc2c6d7d07f8bcd12a2de9 has-global-padding is-layout-constrained wp-block-group-is-layout-constrained\">\n<p class=\"has-text-align-center\"><strong>Juhendajad<\/strong><\/p>\n\n\n\n<p class=\"has-text-align-center\">Riho Leppoja, Kadri Leppoja &amp; Viviane Kallaste<\/p>\n<\/div>\n\n\n\n<div class=\"wp-block-group has-contrast-color has-accent-5-background-color has-text-color has-background has-link-color wp-elements-bb29c1fbd20728cd2d83877c4a2693cb has-global-padding is-layout-constrained wp-block-group-is-layout-constrained\">\n<p class=\"has-text-align-center\"><strong>Kujundus<\/strong><\/p>\n\n\n\n<p class=\"has-text-align-center\">K\u00e4rt Kingo<\/p>\n<\/div>\n<\/div>\n\n\n\n<div class=\"wp-block-group is-layout-flow wp-block-group-is-layout-flow\" style=\"padding-top:var(--wp--preset--spacing--50);padding-right:var(--wp--preset--spacing--20);padding-bottom:var(--wp--preset--spacing--40);padding-left:var(--wp--preset--spacing--20)\">\n<h2 class=\"wp-block-heading has-text-align-center\" id=\"kontserdi-kava\">Kontserdi kava<\/h2>\n\n\n\n<div class=\"wp-block-file aligncenter has-link-color wp-elements-517e3bfd142c431cd40cccd5e91011b2\" style=\"padding-top:var(--wp--preset--spacing--20);padding-bottom:var(--wp--preset--spacing--20)\"><a id=\"wp-block-file--media-176ac04c-2209-4985-aea5-b2208bc6e5f5\" href=\"https:\/\/tartunoortekoor.ee\/wp-content\/uploads\/2026\/04\/Noorte-kate-jargi-KAVA.pdf\" target=\"_blank\" rel=\"noreferrer noopener\">Kontserdi kavaleht<\/a><a href=\"https:\/\/tartunoortekoor.ee\/wp-content\/uploads\/2026\/04\/Noorte-kate-jargi-KAVA.pdf\" class=\"wp-block-file__button wp-element-button\" download aria-describedby=\"wp-block-file--media-176ac04c-2209-4985-aea5-b2208bc6e5f5\">Laadi alla<\/a><\/div>\n\n\n\n<div class=\"wp-block-group has-medium-font-size has-global-padding is-layout-constrained wp-container-core-group-is-layout-4383d167 wp-block-group-is-layout-constrained\">\n<figure class=\"wp-block-table is-style-stripes has-medium-font-size\" style=\"margin-top:0;margin-right:0;margin-bottom:0;margin-left:0;padding-top:var(--wp--preset--spacing--20);padding-right:0;padding-bottom:var(--wp--preset--spacing--20);padding-left:0\"><table class=\"has-accent-5-background-color has-background has-fixed-layout\"><tbody><tr><td class=\"has-text-align-right\" data-align=\"right\"><sub>Andres Reintam<\/sub><br><strong>El grillo<\/strong><\/td><td><em>Josquin Desprez<\/em><\/td><\/tr><tr><td class=\"has-text-align-right\" data-align=\"right\"><sub>K\u00e4rt Kingo<\/sub><br><strong>Not One Sparrow Is Forgotten<\/strong><\/td><td><em>William Hawley \/ \u0160eikerite h\u00fcmn<\/em><\/td><\/tr><tr><td class=\"has-text-align-right\" data-align=\"right\"><sub>Erki K\u00fclaots<\/sub><br><strong>Mina ja meri<\/strong><br><em><sub>Seade esmaettekanne<\/sub><\/em><\/td><td><em>Maili Metssalu, R\u00dc\u00dcT<br>Seadnud T\u00f5nis K\u00f5rvits, Erki K\u00fclaots<\/em><\/td><\/tr><tr><td class=\"has-text-align-right\" data-align=\"right\"><sub>Markus Leppoja<\/sub><br><strong>Where People Go<\/strong><br><em><sub>Solistid Mia Melanie Moor, Marie Riiberg, Anita V\u00e4li, Tambet Ott, Jan Tristan Moorlat<\/sub><\/em><\/td><td><em>Mart Siimer \/ Alan Alexander Milne<\/em><\/td><\/tr><tr><td class=\"has-text-align-right\" data-align=\"right\"><sub>Maria Kuuseok<\/sub><br><strong>S\u00f5meralt s\u00f5rmikule<\/strong><br><sub><em>Tartu Noortekoori meeskoor<br>Solist Tambet Ott<\/em><\/sub><\/td><td><em>Eduard Tubin \/ rahvalaul Haljala kihelkonnast<\/em><\/td><\/tr><tr><td class=\"has-text-align-right\" data-align=\"right\"><sub>K\u00e4rt Kingo<\/sub><br><strong>Ei saa mitte vaiki olla<\/strong><br><em><sub>MHG neidudekoor<\/sub><\/em><\/td><td><em>Miina H\u00e4rma \/ Anna Haava<\/em><\/td><\/tr><tr><td class=\"has-text-align-right\" data-align=\"right\"><sub>Marko Roosiv\u00e4li<\/sub><br><strong>Mis on inimene?<\/strong><br><sub><em>MHG Neidudekoor<\/em><\/sub><\/td><td><em>P\u00e4rt Uusberg \/ Doris Kareva<\/em><\/td><\/tr><tr><td class=\"has-text-align-right\" data-align=\"right\"><sub>Maria Kuuseok<\/sub><br><strong>Lauliku lapsep\u00f5li<\/strong><br><em><sub>Tartu Noortekoori naiskoor, MHG neidudekoor<\/sub><\/em><\/td><td><em>Miina H\u00e4rma \/ rahvaviisid Tarvastu, tekst P\u00f5lva kihelkonnast<\/em><\/td><\/tr><tr><td class=\"has-text-align-right\" data-align=\"right\"><sub>Andres Reintam<\/sub><br><strong>Sicut cervus<\/strong><\/td><td><em>Giovanni Palestrina \/ Ps. 42:2-3<\/em><\/td><\/tr><tr><td class=\"has-text-align-right\" data-align=\"right\"><sub>Markus Leppoja<\/sub><br><strong>Olen vist \u00f5nneseen<\/strong><br><em><sub>Seade esmaettekanne<\/sub><\/em><\/td><td><em>Ivar Sipra \/ Reet Linna<br>Seadnud Markus Leppoja<\/em><\/td><\/tr><tr><td class=\"has-text-align-right\" data-align=\"right\"><sub>Erki K\u00fclaots<\/sub><br><strong>Puudutus<\/strong><\/td><td><em>T\u00f5nu K\u00f5rvits \/ Kristiina Ehin<\/em><\/td><\/tr><tr><td class=\"has-text-align-right\" data-align=\"right\"><sub>Marko Roosiv\u00e4li<\/sub><br><strong>Homme<\/strong><\/td><td><em>Mart Siimer \/ Artur Alliksaar<\/em><\/td><\/tr><\/tbody><\/table><\/figure>\n<\/div>\n<\/div>\n<\/div>\n\n\n\n<div class=\"wp-block-group wp-container-content-72558541 has-global-padding is-layout-constrained wp-container-core-group-is-layout-b4aa5ed8 wp-block-group-is-layout-constrained\" style=\"padding-top:var(--wp--preset--spacing--30);padding-right:var(--wp--preset--spacing--20);padding-bottom:var(--wp--preset--spacing--50);padding-left:var(--wp--preset--spacing--20)\">\n<h2 class=\"wp-block-heading has-text-align-center has-x-large-font-size\" id=\"videod\" style=\"padding-top:var(--wp--preset--spacing--20);padding-bottom:var(--wp--preset--spacing--20)\"><strong>Videos<\/strong><\/h2>\n\n\n\n<div class=\"wp-block-query is-layout-flow wp-block-query-is-layout-flow\"><ul style=\"border-top-left-radius:20px;border-top-right-radius:20px;border-bottom-left-radius:20px;border-bottom-right-radius:20px;border-top-width:1px;border-top-color:var(--wp--preset--color--contrast);border-right-width:5px;border-right-color:var(--wp--preset--color--contrast);border-bottom-width:5px;border-bottom-color:var(--wp--preset--color--contrast);border-left-width:1px;border-left-color:var(--wp--preset--color--contrast); padding-top:var(--wp--preset--spacing--20);padding-bottom:var(--wp--preset--spacing--20);padding-left:var(--wp--preset--spacing--20);padding-right:var(--wp--preset--spacing--20);margin-right:0;margin-left:0;margin-top:0;margin-bottom:0;\" class=\"has-link-color wp-elements-156f722f578dfb3b3abc3c6bd028c986 wp-block-post-template has-text-color has-base-color has-background has-accent-1-background-color is-layout-grid wp-container-core-post-template-is-layout-e27bb2f2 wp-block-post-template-is-layout-grid\"><li class=\"wp-block-post post-13446 salvestis type-salvestis status-publish hentry helilooja-william-hawley\">\n<style class=\"wp-elements-156f722f578dfb3b3abc3c6bd028c986\"><\/style><style><\/style>\n<div class=\"wp-block-group is-layout-flow wp-block-group-is-layout-flow\"><div class=\"entry-content wp-block-post-content has-global-padding is-layout-constrained wp-block-post-content-is-layout-constrained\">\n<figure class=\"wp-block-boldblocks-youtube-block wp-embed-aspect-16-9 wp-has-aspect-ratio\"><div id=\"yb-video-wz4rSCa2ve0\" class=\"yb-player\" data-video-id=\"wz4rSCa2ve0\" data-title=\"Play\" style=\"background-image:url(https:\/\/img.youtube.com\/vi\/wz4rSCa2ve0\/maxresdefault.jpg)\"><button type=\"button\" class=\"yb-btn-play\"><span class=\"visually-hidden\">Play<\/span><\/button><\/div><\/figure>\n<\/div><\/div>\n\n\n\n<div class=\"wp-block-group has-medium-font-size is-vertical is-content-justification-center is-layout-flex wp-container-core-group-is-layout-81423f52 wp-block-group-is-layout-flex\"><h2 style=\"margin-top:0;margin-bottom:0;\" class=\"has-text-align-center wp-block-post-title has-x-large-font-size\">Not One Sparrow is Forgotten<\/h2>\n\n<div style=\"color:#000000b8\" class=\"taxonomy-helilooja has-link-color is-style-default wp-elements-54cdc714ca82f2de17b61b01c4ad454a wp-block-post-terms has-text-color has-medium-font-size\"><a href=\"https:\/\/tartunoortekoor.ee\/en\/helilooja\/william-hawley\/\" rel=\"tag\">William Hawley<\/a><\/div><\/div>\n\n\n\n<div class=\"wp-block-group has-small-font-size is-content-justification-center is-nowrap is-layout-flex wp-container-core-group-is-layout-60758a6d wp-block-group-is-layout-flex\"><div style=\"color:#000000b8;\" class=\"has-text-align-center has-link-color wp-elements-4cf3630aee6c53536c9605cc87691bfd wp-block-post-date has-text-color has-small-font-size\"><time datetime=\"2026-04-28T18:30:00+03:00\">April 28, 2026<\/time><\/div><\/div>\n\n<\/li><\/ul>\n\n<\/div>\n<\/div>\n\n\n\n<div class=\"wp-block-group has-global-padding is-layout-constrained wp-container-core-group-is-layout-704e782a wp-block-group-is-layout-constrained\">\n<figure class=\"wp-block-gallery has-nested-images columns-default wp-block-gallery-4 is-layout-flex wp-block-gallery-is-layout-flex\">\n<figure class=\"wp-block-image size-full is-style-default\" style=\"margin-top:var(--wp--preset--spacing--40);margin-right:var(--wp--preset--spacing--20);margin-bottom:var(--wp--preset--spacing--40);margin-left:var(--wp--preset--spacing--20)\"><img decoding=\"async\" width=\"2035\" height=\"1134\" data-id=\"12950\" src=\"https:\/\/tartunoortekoor.ee\/wp-content\/uploads\/2026\/04\/NoorteKateJargi2026-1.jpg\" alt=\"\" class=\"wp-image-12950\" style=\"aspect-ratio:16\/9;object-fit:contain\" srcset=\"https:\/\/tartunoortekoor.ee\/wp-content\/uploads\/2026\/04\/NoorteKateJargi2026-1.jpg 2035w, https:\/\/tartunoortekoor.ee\/wp-content\/uploads\/2026\/04\/NoorteKateJargi2026-1-300x167.jpg 300w, https:\/\/tartunoortekoor.ee\/wp-content\/uploads\/2026\/04\/NoorteKateJargi2026-1-1024x571.jpg 1024w, https:\/\/tartunoortekoor.ee\/wp-content\/uploads\/2026\/04\/NoorteKateJargi2026-1-768x428.jpg 768w, https:\/\/tartunoortekoor.ee\/wp-content\/uploads\/2026\/04\/NoorteKateJargi2026-1-1536x856.jpg 1536w, https:\/\/tartunoortekoor.ee\/wp-content\/uploads\/2026\/04\/NoorteKateJargi2026-1-18x10.jpg 18w\" sizes=\"(max-width: 2035px) 100vw, 2035px\" \/><\/figure>\n<\/figure>\n<\/div>","protected":false},"excerpt":{"rendered":"<p>Seljatatud pika s\u00fcgistalve jooksul oleme t\u00f6\u00f6tanud v\u00e4ga erilise eesm\u00e4rgi nimel &#8211; esimest korda juhatavad Tartu Noortekoori meie enda lauljad!<\/p>","protected":false},"author":3,"featured_media":12949,"comment_status":"open","ping_status":"open","sticky":false,"template":"","format":"standard","meta":{"_acf_changed":false,"_gspb_post_css":"","iawp_total_views":42,"footnotes":""},"categories":[197,1],"tags":[],"class_list":["post-11660","post","type-post","status-publish","format-standard","has-post-thumbnail","hentry","category-197","category-esinemised"],"acf":{"alguskuupaev":null,"lopukuupaev":"20260410","lisalink":"","galeriid":"","sisu":true,"video":[13445,13446,13613]},"aioseo_notices":[],"_links":{"self":[{"href":"https:\/\/tartunoortekoor.ee\/en\/wp-json\/wp\/v2\/posts\/11660","targetHints":{"allow":["GET"]}}],"collection":[{"href":"https:\/\/tartunoortekoor.ee\/en\/wp-json\/wp\/v2\/posts"}],"about":[{"href":"https:\/\/tartunoortekoor.ee\/en\/wp-json\/wp\/v2\/types\/post"}],"author":[{"embeddable":true,"href":"https:\/\/tartunoortekoor.ee\/en\/wp-json\/wp\/v2\/users\/3"}],"replies":[{"embeddable":true,"href":"https:\/\/tartunoortekoor.ee\/en\/wp-json\/wp\/v2\/comments?post=11660"}],"version-history":[{"count":52,"href":"https:\/\/tartunoortekoor.ee\/en\/wp-json\/wp\/v2\/posts\/11660\/revisions"}],"predecessor-version":[{"id":12932,"href":"https:\/\/tartunoortekoor.ee\/en\/wp-json\/wp\/v2\/posts\/11660\/revisions\/12932"}],"acf:post":[{"embeddable":true,"href":"https:\/\/tartunoortekoor.ee\/en\/wp-json\/wp\/v2\/salvestis\/13613"},{"embeddable":true,"href":"https:\/\/tartunoortekoor.ee\/en\/wp-json\/wp\/v2\/salvestis\/13446"},{"embeddable":true,"href":"https:\/\/tartunoortekoor.ee\/en\/wp-json\/wp\/v2\/salvestis\/13445"}],"wp:featuredmedia":[{"embeddable":true,"href":"https:\/\/tartunoortekoor.ee\/en\/wp-json\/wp\/v2\/media\/12949"}],"wp:attachment":[{"href":"https:\/\/tartunoortekoor.ee\/en\/wp-json\/wp\/v2\/media?parent=11660"}],"wp:term":[{"taxonomy":"category","embeddable":true,"href":"https:\/\/tartunoortekoor.ee\/en\/wp-json\/wp\/v2\/categories?post=11660"},{"taxonomy":"post_tag","embeddable":true,"href":"https:\/\/tartunoortekoor.ee\/en\/wp-json\/wp\/v2\/tags?post=11660"}],"curies":[{"name":"wp","href":"https:\/\/api.w.org\/{rel}","templated":true}]}}