{"id":487,"date":"2024-12-20T19:00:00","date_gmt":"2024-12-20T19:00:00","guid":{"rendered":"https:\/\/tartunoortekoor.ee\/?p=487"},"modified":"2026-04-25T17:32:34","modified_gmt":"2026-04-25T14:32:34","slug":"lund-lapsepolveni","status":"publish","type":"post","link":"https:\/\/tartunoortekoor.ee\/en\/esinemised\/lund-lapsepolveni\/","title":{"rendered":"J\u00f5ulukontsert &#8220;Lund lapsep\u00f5lveni&#8221; Tartus Pauluse kirikus"},"content":{"rendered":"<div class=\"wp-block-group is-layout-flow wp-block-group-is-layout-flow\" style=\"margin-bottom:var(--wp--preset--spacing--50);padding-right:var(--wp--preset--spacing--30);padding-left:var(--wp--preset--spacing--30)\"><h2 style=\"font-style:normal;font-weight:700;\" class=\"has-text-align-center wp-block-post-title has-xx-large-font-size\">J\u00f5ulukontsert &#8220;Lund lapsep\u00f5lveni&#8221; Tartus Pauluse kirikus<\/h2>\n\n\n<p class=\"has-text-align-center is-style-default has-medium-font-size\" style=\"padding-top:var(--wp--preset--spacing--20);padding-bottom:var(--wp--preset--spacing--50)\">20. detsember 2024<\/p>\n\n\n\n<p>Tartu Noortekoor kutsub kuulama p\u00fchader\u00f5\u00f5mu ja aastal\u00f5pum\u00f5tteid. Tunneme hange soojust, esitame kingisoove ja r\u00e4\u00e4gime j\u00f5ulude t\u00e4hendusest.<br>Peateosena saab kuulda Mart Jaansoni \u201c\u00dcheksat j\u00f5ululaulu lapsep\u00f5lvest\u201d, esmaettekandes P\u00e4rt Uusbergi \u201cLumeliblesid\u201d ning teiste seas ka j\u00f5ululist omaloomingut ja seadeid Markus ja Kadri Leppojalt.<\/p>\n\n\n\n<p style=\"padding-top:var(--wp--preset--spacing--40)\">&#8220;\u00dcheksa j\u00f5ululaulu lapsep\u00f5lvest&#8221; on helilooja Mart Jaansoni isiklik tagasivaade lapsep\u00f5lve j\u00f5uludele, mida t\u00e4histati mitme p\u00f5lvkonnaga 1970. aastatel T\u00e4htveres pereringis. J\u00f5ulu\u00f5htutesse kuulusid k\u00fc\u00fcnalde s\u00fc\u00fctamine l\u00e4hedaste ja Eesti suurkujude haudadel, kuuse ehtimine ning j\u00f5ulumuusika, poliitilistel p\u00f5hjustel segatud v\u00e4lisraadiojaamadest ja koduse klaveri saatel laulduna. Autor on neid laule seades soovinud m\u00e4lestada oma lapsep\u00f5lve j\u00f5ule, vanemaid ning 19. sajandi l\u00f5pul v\u00f5i 20. sajandi algul s\u00fcndinud vanavanemate p\u00f5lvkonda.<\/p>\n<\/div>\n\n\n\n<div class=\"wp-block-group is-layout-flow wp-block-group-is-layout-flow\">\n<h2 class=\"wp-block-heading has-text-align-center\" id=\"kontserdi-kava\">Kontserdi kava<\/h2>\n\n\n\n<div class=\"wp-block-group has-base-color has-text-color has-link-color has-medium-font-size wp-elements-4a2a4369864a869415aefd392e36607c is-horizontal is-content-justification-center is-layout-flex wp-container-core-group-is-layout-94166da6 wp-block-group-is-layout-flex\" style=\"padding-top:var(--wp--preset--spacing--20);padding-bottom:var(--wp--preset--spacing--20)\">\n<div class=\"wp-block-file aligncenter has-link-color wp-elements-d45c8c0c9fc27a49170f87683442f422\" style=\"margin-top:var(--wp--preset--spacing--20);margin-bottom:var(--wp--preset--spacing--20)\"><a id=\"wp-block-file--media-859ca60b-bc01-492c-b241-dbb5ad816f15\" href=\"https:\/\/tartunoortekoor.ee\/wp-content\/uploads\/2025\/05\/Kava-TNK-Lund.-5.pdf\" target=\"_blank\" rel=\"noreferrer noopener\">Kontserdi kavaleht<\/a><a href=\"https:\/\/tartunoortekoor.ee\/wp-content\/uploads\/2025\/05\/Kava-TNK-Lund.-5.pdf\" class=\"wp-block-file__button wp-element-button\" download aria-describedby=\"wp-block-file--media-859ca60b-bc01-492c-b241-dbb5ad816f15\">lae alla<\/a><\/div>\n<\/div>\n\n\n\n<div class=\"wp-block-group has-global-padding is-layout-constrained wp-container-core-group-is-layout-4383d167 wp-block-group-is-layout-constrained\">\n<figure class=\"wp-block-table is-style-stripes has-medium-font-size\" style=\"margin-top:0;margin-right:0;margin-bottom:0;margin-left:0;padding-top:var(--wp--preset--spacing--20);padding-right:0;padding-bottom:var(--wp--preset--spacing--20);padding-left:0\"><table class=\"has-accent-5-background-color has-background has-fixed-layout\"><tbody><tr><td class=\"has-text-align-right\" data-align=\"right\"><strong>Alleluia<\/strong><\/td><td><em>Galina Grigorjeva<\/em><\/td><\/tr><tr><td class=\"has-text-align-right\" data-align=\"right\"><strong>Ave maris stella<\/strong><\/td><td><em>Edvard Grieg<\/em><\/td><\/tr><tr><td class=\"has-text-align-right\" data-align=\"right\"><strong>Kellad<\/strong><br><em><sub>Tartu Noortekoori naiskoor<\/sub><\/em><\/td><td><em>\u00dclo Vinter \/ Heino Kaljuste<\/em><\/td><\/tr><tr><td class=\"has-text-align-right\" data-align=\"right\"><strong>Talve\u00f5htu<\/strong><br><em><sub>Solist Anita V\u00e4li<\/sub><\/em><\/td><td><em>P\u00e4rt Uusberg \/ Kristiina Ehin<\/em><\/td><\/tr><tr><td class=\"has-text-align-right\" data-align=\"right\"><sub><em>Esmaettekanne<\/em><\/sub><br><strong>Lumelibled<\/strong><\/td><td><em>P\u00e4rt Uusberg \/ Ernst Enno<\/em><\/td><\/tr><tr><td class=\"has-text-align-right\" data-align=\"right\"><strong>&#8230;ja lumi on maas<\/strong><\/td><td><em>Markus Leppoja \/ Allar Lepa<\/em><\/td><\/tr><tr><td class=\"has-text-align-right\" data-align=\"right\"><strong><strong>N\u00e4\u00e4risokk<\/strong><\/strong><br><em><sub>Tartu Noorterkoori meeskoor<\/sub><\/em><\/td><td><em><em>Gustav Ernesaks<\/em><\/em><\/td><\/tr><tr><td class=\"has-text-align-right\" data-align=\"right\"><strong>P\u00fcha \u00f6\u00f6<\/strong><\/td><td><em>Franz Gruber \/ Joseph Mohr<\/em><br><em>T\u00f5lge Freidrich Brandt, Karl August Hermann<br>Seadnud Kadri Leppoja <\/em><\/td><\/tr><tr><td class=\"has-text-align-right\" data-align=\"right\"><em><sub>Seade esmaettekanne<\/sub><\/em><br><strong>J\u00f5ulud sinuga<\/strong><br><em><sub>Klaveril Kadri Leppoja<\/sub><\/em><\/td><td><em>Stig R\u00e4sta<\/em><br><em>Seadnud Markus Leppoja<\/em><\/td><\/tr><tr><td class=\"has-text-align-right\" data-align=\"right\"><strong>\u00dcheksa J\u00f5ululaulu lapsep\u00f5lvest<\/strong><br>1. Oh sa \u00f5nnistav<br>2. Iial ei helise kellad<br>3. Igal aastal j\u00e4lle<br>4. Et tulge, oh lapsed<br>5. Kell, killa-k\u00f5ll<br>6. V\u00e4ike j\u00f5ululaul<br>7. P\u00fchalik \u00f6\u00f6<br>8. Homme. lapsed<br>9. Homme tuleb j\u00f5ulumees<br><sub><em>Solist Lisette Ilmj\u00e4rv<\/em><\/sub><\/td><td><em>Seadnud Mart Jaanson<\/em><\/td><\/tr><tr><td class=\"has-text-align-right\" data-align=\"right\"><strong>J\u00f5uluingel<\/strong><br><sub><em>Solist Lisette Ilmj\u00e4rv<\/em><\/sub><br><em><sub>Klaveril Kadri Leppoja<br>Juhatab Riho Leppoja<\/sub><\/em><\/td><td><em>Olav Ehala \/ Leelo Tungal<\/em><\/td><\/tr><\/tbody><\/table><\/figure>\n<\/div>\n<\/div>\n\n\n\n<div class=\"wp-block-columns is-layout-flex wp-container-core-columns-is-layout-a81a7eb4 wp-block-columns-is-layout-flex\" style=\"margin-top:0;margin-bottom:0;padding-top:var(--wp--preset--spacing--30);padding-right:var(--wp--preset--spacing--30);padding-bottom:var(--wp--preset--spacing--30);padding-left:var(--wp--preset--spacing--30)\">\n<div class=\"wp-block-column is-layout-flow wp-block-column-is-layout-flow\">\n<figure style=\"margin-top:var(--wp--preset--spacing--20);margin-right:var(--wp--preset--spacing--20);margin-bottom:var(--wp--preset--spacing--20);margin-left:var(--wp--preset--spacing--20)\" class=\"wp-block-boldblocks-youtube-block wp-embed-aspect-16-9 wp-has-aspect-ratio\"><div id=\"yb-video-IZ_o611zy_k\" class=\"yb-player\" data-video-id=\"IZ_o611zy_k\" data-title=\"Play\" style=\"background-image:url(https:\/\/img.youtube.com\/vi\/IZ_o611zy_k\/maxresdefault.jpg)\"><button type=\"button\" class=\"yb-btn-play\"><span class=\"visually-hidden\">Play<\/span><\/button><\/div><\/figure>\n<\/div>\n<\/div>","protected":false},"excerpt":{"rendered":"<p>20. detsember 2024<\/p>","protected":false},"author":1,"featured_media":11927,"comment_status":"open","ping_status":"open","sticky":false,"template":"","format":"standard","meta":{"_acf_changed":false,"_gspb_post_css":"","iawp_total_views":4,"footnotes":""},"categories":[36,1],"tags":[],"class_list":["post-487","post","type-post","status-publish","format-standard","has-post-thumbnail","hentry","category-2024-et","category-esinemised"],"acf":{"alguskuupaev":null,"lopukuupaev":"20241220","lisalink":"","galeriid":"","sisu":true,"video":[8072]},"aioseo_notices":[],"_links":{"self":[{"href":"https:\/\/tartunoortekoor.ee\/en\/wp-json\/wp\/v2\/posts\/487","targetHints":{"allow":["GET"]}}],"collection":[{"href":"https:\/\/tartunoortekoor.ee\/en\/wp-json\/wp\/v2\/posts"}],"about":[{"href":"https:\/\/tartunoortekoor.ee\/en\/wp-json\/wp\/v2\/types\/post"}],"author":[{"embeddable":true,"href":"https:\/\/tartunoortekoor.ee\/en\/wp-json\/wp\/v2\/users\/1"}],"replies":[{"embeddable":true,"href":"https:\/\/tartunoortekoor.ee\/en\/wp-json\/wp\/v2\/comments?post=487"}],"version-history":[{"count":6,"href":"https:\/\/tartunoortekoor.ee\/en\/wp-json\/wp\/v2\/posts\/487\/revisions"}],"predecessor-version":[{"id":13211,"href":"https:\/\/tartunoortekoor.ee\/en\/wp-json\/wp\/v2\/posts\/487\/revisions\/13211"}],"acf:post":[{"embeddable":true,"href":"https:\/\/tartunoortekoor.ee\/en\/wp-json\/wp\/v2\/salvestis\/8072"}],"wp:featuredmedia":[{"embeddable":true,"href":"https:\/\/tartunoortekoor.ee\/en\/wp-json\/wp\/v2\/media\/11927"}],"wp:attachment":[{"href":"https:\/\/tartunoortekoor.ee\/en\/wp-json\/wp\/v2\/media?parent=487"}],"wp:term":[{"taxonomy":"category","embeddable":true,"href":"https:\/\/tartunoortekoor.ee\/en\/wp-json\/wp\/v2\/categories?post=487"},{"taxonomy":"post_tag","embeddable":true,"href":"https:\/\/tartunoortekoor.ee\/en\/wp-json\/wp\/v2\/tags?post=487"}],"curies":[{"name":"wp","href":"https:\/\/api.w.org\/{rel}","templated":true}]}}